{"id":2100,"date":"2025-11-20T18:36:19","date_gmt":"2025-11-20T18:36:19","guid":{"rendered":"https:\/\/amba.org.uy\/a\/?p=2100"},"modified":"2025-11-21T15:32:06","modified_gmt":"2025-11-21T15:32:06","slug":"kayaks-para-todos-una-invitacion-a-remar-por-la-conservacion-del-rio-uruguay","status":"publish","type":"post","link":"https:\/\/amba.org.uy\/a\/kayaks-para-todos-una-invitacion-a-remar-por-la-conservacion-del-rio-uruguay\/","title":{"rendered":"KAYAKS PARA TODOS: UNA INVITACI\u00d3N A REMAR POR LA CONSERVACI\u00d3N DEL R\u00cdO URUGUAY"},"content":{"rendered":"\n<figure class=\"wp-block-image size-large\"><img decoding=\"async\" width=\"1024\" height=\"576\" src=\"https:\/\/amba.org.uy\/a\/wp-content\/uploads\/2025\/11\/Secuencia-MIGUEL.00_05_16_14.Imagen-fija012-1024x576.jpg\" alt=\"\" class=\"wp-image-2101\" srcset=\"https:\/\/amba.org.uy\/a\/wp-content\/uploads\/2025\/11\/Secuencia-MIGUEL.00_05_16_14.Imagen-fija012-200x113.jpg 200w, https:\/\/amba.org.uy\/a\/wp-content\/uploads\/2025\/11\/Secuencia-MIGUEL.00_05_16_14.Imagen-fija012-300x169.jpg 300w, https:\/\/amba.org.uy\/a\/wp-content\/uploads\/2025\/11\/Secuencia-MIGUEL.00_05_16_14.Imagen-fija012-400x225.jpg 400w, https:\/\/amba.org.uy\/a\/wp-content\/uploads\/2025\/11\/Secuencia-MIGUEL.00_05_16_14.Imagen-fija012-600x338.jpg 600w, https:\/\/amba.org.uy\/a\/wp-content\/uploads\/2025\/11\/Secuencia-MIGUEL.00_05_16_14.Imagen-fija012-768x432.jpg 768w, https:\/\/amba.org.uy\/a\/wp-content\/uploads\/2025\/11\/Secuencia-MIGUEL.00_05_16_14.Imagen-fija012-800x450.jpg 800w, https:\/\/amba.org.uy\/a\/wp-content\/uploads\/2025\/11\/Secuencia-MIGUEL.00_05_16_14.Imagen-fija012-1024x576.jpg 1024w, https:\/\/amba.org.uy\/a\/wp-content\/uploads\/2025\/11\/Secuencia-MIGUEL.00_05_16_14.Imagen-fija012-1200x675.jpg 1200w, https:\/\/amba.org.uy\/a\/wp-content\/uploads\/2025\/11\/Secuencia-MIGUEL.00_05_16_14.Imagen-fija012-1536x864.jpg 1536w, https:\/\/amba.org.uy\/a\/wp-content\/uploads\/2025\/11\/Secuencia-MIGUEL.00_05_16_14.Imagen-fija012.jpg 1920w\" sizes=\"(max-width: 1024px) 100vw, 1024px\" \/><\/figure>\n\n\n\n<p>Desde las comunidades de Nuevo Berl\u00edn y San Javier pod\u00e9s disfrutar de una inspiradora propuesta para esta primavera: \u00abKayaks para Todos\u00bb, un programa gratuito que invita a vecinos y visitantes a conectar con la naturaleza a trav\u00e9s de una experiencia de navegaci\u00f3n \u00fanica en el \u00e1rea protegida del R\u00edo Uruguay.<\/p>\n\n\n\n<p>Gracias al compromiso de las comunidades y el apoyo recibido, para el 2025 ya duplicamos la cantidad de personas remando en comparaci\u00f3n con 2024, llegando a recibir 2.000 visitantes dentro de los programas \u201cKayak para Escuelas\u201d y \u201cKayak para todos\u201d.&nbsp;<\/p>\n\n\n\n<p>Esta actividad forma parte del Proyecto \u00abIslas y Canales Verdes del R\u00edo Uruguay\u00bb, cuyo objetivo principal es consolidar un corredor biocultural que proteja especies y h\u00e1bitats vitales en el tramo inferior del r\u00edo, aumentando nuestra capacidad de respuesta frente al cambio clim\u00e1tico.<\/p>\n\n\n\n<figure class=\"wp-block-image size-large\"><img decoding=\"async\" width=\"1024\" height=\"576\" src=\"https:\/\/amba.org.uy\/a\/wp-content\/uploads\/2025\/11\/RIO-URUGUAY-DRON-FELIPE-VICTORICA-11-1024x576.png\" alt=\"\" class=\"wp-image-2102\" srcset=\"https:\/\/amba.org.uy\/a\/wp-content\/uploads\/2025\/11\/RIO-URUGUAY-DRON-FELIPE-VICTORICA-11-200x113.png 200w, https:\/\/amba.org.uy\/a\/wp-content\/uploads\/2025\/11\/RIO-URUGUAY-DRON-FELIPE-VICTORICA-11-300x169.png 300w, https:\/\/amba.org.uy\/a\/wp-content\/uploads\/2025\/11\/RIO-URUGUAY-DRON-FELIPE-VICTORICA-11-400x225.png 400w, https:\/\/amba.org.uy\/a\/wp-content\/uploads\/2025\/11\/RIO-URUGUAY-DRON-FELIPE-VICTORICA-11-600x338.png 600w, https:\/\/amba.org.uy\/a\/wp-content\/uploads\/2025\/11\/RIO-URUGUAY-DRON-FELIPE-VICTORICA-11-768x432.png 768w, https:\/\/amba.org.uy\/a\/wp-content\/uploads\/2025\/11\/RIO-URUGUAY-DRON-FELIPE-VICTORICA-11-800x450.png 800w, https:\/\/amba.org.uy\/a\/wp-content\/uploads\/2025\/11\/RIO-URUGUAY-DRON-FELIPE-VICTORICA-11-1024x576.png 1024w, https:\/\/amba.org.uy\/a\/wp-content\/uploads\/2025\/11\/RIO-URUGUAY-DRON-FELIPE-VICTORICA-11-1200x675.png 1200w, https:\/\/amba.org.uy\/a\/wp-content\/uploads\/2025\/11\/RIO-URUGUAY-DRON-FELIPE-VICTORICA-11-1536x864.png 1536w, https:\/\/amba.org.uy\/a\/wp-content\/uploads\/2025\/11\/RIO-URUGUAY-DRON-FELIPE-VICTORICA-11.png 1920w\" sizes=\"(max-width: 1024px) 100vw, 1024px\" \/><\/figure>\n\n\n\n<p><strong>M\u00e1s que un paseo: Educaci\u00f3n y Desarrollo Sostenible<\/strong><\/p>\n\n\n\n<p>Al participar de los programas \u00abKayaks para Escuelas\u00bb y \u00abKayaks para Todos\u00bb, los asistentes no solo disfrutan de un recorrido guiado por instructores especializados, sino que se integran a un esfuerzo mayor.&nbsp;<\/p>\n\n\n\n<p>El proyecto propone la navegaci\u00f3n en kayak para fomentar el contacto de los participantes con el r\u00edo, lo que habilita una mayor conexi\u00f3n con el ecosistema, promueve la educaci\u00f3n ambiental y el turismo de naturaleza mediante la mejora de infraestructura como senderos y refugios.<\/p>\n\n\n\n<figure class=\"wp-block-image size-large\"><img decoding=\"async\" width=\"1024\" height=\"576\" src=\"https:\/\/amba.org.uy\/a\/wp-content\/uploads\/2025\/11\/07-1024x576.jpg\" alt=\"\" class=\"wp-image-2103\" srcset=\"https:\/\/amba.org.uy\/a\/wp-content\/uploads\/2025\/11\/07-200x113.jpg 200w, https:\/\/amba.org.uy\/a\/wp-content\/uploads\/2025\/11\/07-300x169.jpg 300w, https:\/\/amba.org.uy\/a\/wp-content\/uploads\/2025\/11\/07-400x225.jpg 400w, https:\/\/amba.org.uy\/a\/wp-content\/uploads\/2025\/11\/07-600x338.jpg 600w, https:\/\/amba.org.uy\/a\/wp-content\/uploads\/2025\/11\/07-768x432.jpg 768w, https:\/\/amba.org.uy\/a\/wp-content\/uploads\/2025\/11\/07-800x450.jpg 800w, https:\/\/amba.org.uy\/a\/wp-content\/uploads\/2025\/11\/07-1024x576.jpg 1024w, https:\/\/amba.org.uy\/a\/wp-content\/uploads\/2025\/11\/07-1200x675.jpg 1200w, https:\/\/amba.org.uy\/a\/wp-content\/uploads\/2025\/11\/07-1536x864.jpg 1536w, https:\/\/amba.org.uy\/a\/wp-content\/uploads\/2025\/11\/07.jpg 1920w\" sizes=\"(max-width: 1024px) 100vw, 1024px\" \/><\/figure>\n\n\n\n<p><strong>Hac\u00e9 posible que el r\u00edo sea para todos<\/strong><\/p>\n\n\n\n<p>Este programa se mantiene gratuito gracias al esfuerzo de las comunidades locales y el apoyo de personas comprometidas con la conservaci\u00f3n. Tu donaci\u00f3n es fundamental para sostener y expandir estas acciones:<\/p>\n\n\n\n<p>* &nbsp; Ayud\u00e1 a fortalecer la infraestructura necesaria para el turismo y la educaci\u00f3n.<\/p>\n\n\n\n<p>* &nbsp; Contribu\u00ed a la conservaci\u00f3n de ecosistemas clave (islas, humedales y bosques ribere\u00f1os).<\/p>\n\n\n\n<p>* &nbsp; Garantiz\u00e1 que la educaci\u00f3n ambiental llegue a m\u00e1s j\u00f3venes y adultos sin costo.<\/p>\n\n\n\n<p>\u00a1Sumate y ayudanos a mantener viva esta iniciativa!<\/p>\n\n\n\n<p>Cada aporte es vital para fortalecer el v\u00ednculo entre la comunidad y el r\u00edo Uruguay, protegiendo este patrimonio natural para el futuro.<\/p>\n\n\n\n<p><\/p>\n\n\n\n<div class=\"wp-block-buttons is-layout-flex wp-block-buttons-is-layout-flex\">\n<div class=\"wp-block-button\"><a class=\"wp-block-button__link wp-element-button\" href=\"https:\/\/donaronline.org\/amba\/kayaks-para-todos-aprender-remando\">Hace tu donaci\u00f3n en este link<\/a><\/div>\n<\/div>\n\n\n\n<p><\/p>\n\n\n\n<p><strong>Detalles de la Actividad:<\/strong><\/p>\n\n\n\n<p>Fechas y horarios: Todos los s\u00e1bados, de 15:00 a 18:00 h.<br>Costo: Gratuito.<br>Puntos de encuentro:<br>     * &nbsp; San Javier: Escuela Municipal de Kayak (camino al muelle).<br>     * &nbsp; Nuevo Berl\u00edn: Quincho de la guarder\u00eda de kayaks (junto a playa El Remolino).<br>Inscripciones: Se requiere inscripci\u00f3n previa con 48 hs de anticipaci\u00f3n llamando al 099 644 624 (m\u00ednimo 5 inscriptos por localidad).<br>Recomendaciones: Llevar gorro, protector solar, repelente, ropa c\u00f3moda y una muda extra.<\/p>\n","protected":false},"excerpt":{"rendered":"<p>Desde las comunidades de Nuevo Berl\u00edn y San Javier pod\u00e9s <a href=\"https:\/\/amba.org.uy\/a\/kayaks-para-todos-una-invitacion-a-remar-por-la-conservacion-del-rio-uruguay\/\">Seguir leyendo<\/a><\/p>\n","protected":false},"author":1,"featured_media":2103,"comment_status":"open","ping_status":"open","sticky":false,"template":"","format":"standard","meta":{"footnotes":""},"categories":[37,48],"tags":[],"_links":{"self":[{"href":"https:\/\/amba.org.uy\/a\/wp-json\/wp\/v2\/posts\/2100"}],"collection":[{"href":"https:\/\/amba.org.uy\/a\/wp-json\/wp\/v2\/posts"}],"about":[{"href":"https:\/\/amba.org.uy\/a\/wp-json\/wp\/v2\/types\/post"}],"author":[{"embeddable":true,"href":"https:\/\/amba.org.uy\/a\/wp-json\/wp\/v2\/users\/1"}],"replies":[{"embeddable":true,"href":"https:\/\/amba.org.uy\/a\/wp-json\/wp\/v2\/comments?post=2100"}],"version-history":[{"count":4,"href":"https:\/\/amba.org.uy\/a\/wp-json\/wp\/v2\/posts\/2100\/revisions"}],"predecessor-version":[{"id":2138,"href":"https:\/\/amba.org.uy\/a\/wp-json\/wp\/v2\/posts\/2100\/revisions\/2138"}],"wp:featuredmedia":[{"embeddable":true,"href":"https:\/\/amba.org.uy\/a\/wp-json\/wp\/v2\/media\/2103"}],"wp:attachment":[{"href":"https:\/\/amba.org.uy\/a\/wp-json\/wp\/v2\/media?parent=2100"}],"wp:term":[{"taxonomy":"category","embeddable":true,"href":"https:\/\/amba.org.uy\/a\/wp-json\/wp\/v2\/categories?post=2100"},{"taxonomy":"post_tag","embeddable":true,"href":"https:\/\/amba.org.uy\/a\/wp-json\/wp\/v2\/tags?post=2100"}],"curies":[{"name":"wp","href":"https:\/\/api.w.org\/{rel}","templated":true}]}}