{"id":2112,"date":"2025-11-20T22:35:24","date_gmt":"2025-11-20T22:35:24","guid":{"rendered":"https:\/\/amba.org.uy\/a\/?p=2112"},"modified":"2025-11-21T15:30:17","modified_gmt":"2025-11-21T15:30:17","slug":"programa-de-monitoreo-del-margay-avistamientos-de-la-especie-en-los-bosques-serranos","status":"publish","type":"post","link":"https:\/\/amba.org.uy\/a\/programa-de-monitoreo-del-margay-avistamientos-de-la-especie-en-los-bosques-serranos\/","title":{"rendered":"PROGRAMA DE MONITOREO DEL MARGAY: AVISTAMIENTOS DE LA ESPECIE EN LOS BOSQUES SERRANOS"},"content":{"rendered":"\n<p>Desde las sierras, el programa de monitoreo de mam\u00edferos que realizamos en Amb\u00e1 contin\u00faa aportando datos valiosos sobre la fauna local. Mediante el uso de c\u00e1maras trampa instaladas en diversos predios, se ha documentado una notable cantidad de registros del Margay (Leopardus wiedii), un peque\u00f1o felino que requiere ambientes boscosos saludables para su supervivencia.<\/p>\n\n\n\n<figure class=\"wp-block-image size-large\"><img decoding=\"async\" width=\"1024\" height=\"683\" src=\"https:\/\/amba.org.uy\/a\/wp-content\/uploads\/2025\/11\/margay_FELIPE-VICTORICA-1024x683.jpeg\" alt=\"\" class=\"wp-image-2113\" srcset=\"https:\/\/amba.org.uy\/a\/wp-content\/uploads\/2025\/11\/margay_FELIPE-VICTORICA-200x133.jpeg 200w, https:\/\/amba.org.uy\/a\/wp-content\/uploads\/2025\/11\/margay_FELIPE-VICTORICA-300x200.jpeg 300w, https:\/\/amba.org.uy\/a\/wp-content\/uploads\/2025\/11\/margay_FELIPE-VICTORICA-400x267.jpeg 400w, https:\/\/amba.org.uy\/a\/wp-content\/uploads\/2025\/11\/margay_FELIPE-VICTORICA-600x400.jpeg 600w, https:\/\/amba.org.uy\/a\/wp-content\/uploads\/2025\/11\/margay_FELIPE-VICTORICA-768x512.jpeg 768w, https:\/\/amba.org.uy\/a\/wp-content\/uploads\/2025\/11\/margay_FELIPE-VICTORICA-800x533.jpeg 800w, https:\/\/amba.org.uy\/a\/wp-content\/uploads\/2025\/11\/margay_FELIPE-VICTORICA-1024x683.jpeg 1024w, https:\/\/amba.org.uy\/a\/wp-content\/uploads\/2025\/11\/margay_FELIPE-VICTORICA-1200x800.jpeg 1200w, https:\/\/amba.org.uy\/a\/wp-content\/uploads\/2025\/11\/margay_FELIPE-VICTORICA-1536x1024.jpeg 1536w, https:\/\/amba.org.uy\/a\/wp-content\/uploads\/2025\/11\/margay_FELIPE-VICTORICA.jpeg 1620w\" sizes=\"(max-width: 1024px) 100vw, 1024px\" \/><\/figure>\n\n\n\n<p><strong>Identificaci\u00f3n Individual y Estimaci\u00f3n Poblacional<\/strong><\/p>\n\n\n\n<p>La identificaci\u00f3n de ejemplares se realiza analizando el patr\u00f3n de manchas \u00fanico de cada animal, similar a una huella dactilar. Con base en este m\u00e9todo, los monitoreos han confirmado la presencia de 55 individuos distintos en el \u00e1rea monitoreada, una cifra considerable para esta especie esquiva.<\/p>\n\n\n\n<p>Los registros tambi\u00e9n han aportado informaci\u00f3n sobre la din\u00e1mica de movimiento y permanencia de estos felinos:<\/p>\n\n\n\n<p>* &nbsp; Se document\u00f3 a un mismo Margay que fue registrado a lo largo de un lapso de cinco a\u00f1os.<\/p>\n\n\n\n<p>* \u00a0 Otro ejemplar demostr\u00f3 una amplia \u00e1rea de actividad, recorriendo m\u00e1s de diez kil\u00f3metros entre el sitio de su primer registro y otros tres predios donde fue avistado repetidamente.<\/p>\n\n\n\n<figure class=\"wp-block-image size-large\"><img decoding=\"async\" width=\"1024\" height=\"577\" src=\"https:\/\/amba.org.uy\/a\/wp-content\/uploads\/2025\/11\/Margay_SANTIAGO-ECHEVERRIA-5-1024x577.jpg\" alt=\"\" class=\"wp-image-2117\" srcset=\"https:\/\/amba.org.uy\/a\/wp-content\/uploads\/2025\/11\/Margay_SANTIAGO-ECHEVERRIA-5-200x113.jpg 200w, https:\/\/amba.org.uy\/a\/wp-content\/uploads\/2025\/11\/Margay_SANTIAGO-ECHEVERRIA-5-300x169.jpg 300w, https:\/\/amba.org.uy\/a\/wp-content\/uploads\/2025\/11\/Margay_SANTIAGO-ECHEVERRIA-5-400x225.jpg 400w, https:\/\/amba.org.uy\/a\/wp-content\/uploads\/2025\/11\/Margay_SANTIAGO-ECHEVERRIA-5-600x338.jpg 600w, https:\/\/amba.org.uy\/a\/wp-content\/uploads\/2025\/11\/Margay_SANTIAGO-ECHEVERRIA-5-768x433.jpg 768w, https:\/\/amba.org.uy\/a\/wp-content\/uploads\/2025\/11\/Margay_SANTIAGO-ECHEVERRIA-5-800x451.jpg 800w, https:\/\/amba.org.uy\/a\/wp-content\/uploads\/2025\/11\/Margay_SANTIAGO-ECHEVERRIA-5-1024x577.jpg 1024w, https:\/\/amba.org.uy\/a\/wp-content\/uploads\/2025\/11\/Margay_SANTIAGO-ECHEVERRIA-5-1200x676.jpg 1200w, https:\/\/amba.org.uy\/a\/wp-content\/uploads\/2025\/11\/Margay_SANTIAGO-ECHEVERRIA-5-1536x866.jpg 1536w, https:\/\/amba.org.uy\/a\/wp-content\/uploads\/2025\/11\/Margay_SANTIAGO-ECHEVERRIA-5.jpg 1920w\" sizes=\"(max-width: 1024px) 100vw, 1024px\" \/><\/figure>\n\n\n\n<p><strong>Validaci\u00f3n Cient\u00edfica de los Datos<\/strong><\/p>\n\n\n\n<p>Actualmente, toda la informaci\u00f3n recopilada se encuentra en fase de verificaci\u00f3n. Expertos en felinos est\u00e1n revisando los registros audiovisuales para confirmar la identificaci\u00f3n de los 55 ejemplares y asegurar la m\u00e1xima precisi\u00f3n en las estimaciones poblacionales.<\/p>\n\n\n\n<p><strong>\u00bfSab\u00edas que es posible identificar a cada yaguatirica (*Leopardus wiedii) por sus manchas?<\/strong><\/p>\n\n\n\n<p>Estos hallazgos refuerzan la importancia del Margay como especie clave para el equilibrio del ecosistema y como bioindicador de la salud de los bosques serranos.<\/p>\n\n\n\n<figure class=\"wp-block-embed is-type-video is-provider-youtube wp-block-embed-youtube wp-embed-aspect-16-9 wp-has-aspect-ratio\"><div class=\"wp-block-embed__wrapper\">\n<div class=\"video-shortcode\"><iframe title=\"Siguiendo al Margay\" width=\"1100\" height=\"619\" src=\"https:\/\/www.youtube.com\/embed\/wR0L2rmZ7mQ?feature=oembed\" frameborder=\"0\" allow=\"accelerometer; autoplay; clipboard-write; encrypted-media; gyroscope; picture-in-picture; web-share\" referrerpolicy=\"strict-origin-when-cross-origin\" allowfullscreen><\/iframe><\/div>\n<\/div><\/figure>\n\n\n\n<p>El monitoreo de esta especie lo realizamos gracias al apoyo de varias instituciones y de nuestros socios. Tu apoyo es fundamental para seguir recopilando informaci\u00f3n sobre este felino y as\u00ed conocer m\u00e1s sobre c\u00f3mo podemos ayudarlo a seguir subsistiendo en nuestro territorio. <\/p>\n\n\n\n<p>\u00bfTe gustar\u00eda apoyar este programa?<\/p>\n\n\n\n<div class=\"wp-block-buttons is-layout-flex wp-block-buttons-is-layout-flex\">\n<div class=\"wp-block-button\"><a class=\"wp-block-button__link wp-element-button\" href=\"https:\/\/donaronline.org\/amba\/programa-margay\">Clique\u00e1 ac\u00e1 para apoyar el programa de monitoreo del Margay<\/a><\/div>\n<\/div>\n","protected":false},"excerpt":{"rendered":"<p>Desde las sierras, el programa de monitoreo de mam\u00edferos que <a href=\"https:\/\/amba.org.uy\/a\/programa-de-monitoreo-del-margay-avistamientos-de-la-especie-en-los-bosques-serranos\/\">Seguir leyendo<\/a><\/p>\n","protected":false},"author":1,"featured_media":2115,"comment_status":"open","ping_status":"open","sticky":false,"template":"","format":"standard","meta":{"footnotes":""},"categories":[20,26,48],"tags":[],"_links":{"self":[{"href":"https:\/\/amba.org.uy\/a\/wp-json\/wp\/v2\/posts\/2112"}],"collection":[{"href":"https:\/\/amba.org.uy\/a\/wp-json\/wp\/v2\/posts"}],"about":[{"href":"https:\/\/amba.org.uy\/a\/wp-json\/wp\/v2\/types\/post"}],"author":[{"embeddable":true,"href":"https:\/\/amba.org.uy\/a\/wp-json\/wp\/v2\/users\/1"}],"replies":[{"embeddable":true,"href":"https:\/\/amba.org.uy\/a\/wp-json\/wp\/v2\/comments?post=2112"}],"version-history":[{"count":2,"href":"https:\/\/amba.org.uy\/a\/wp-json\/wp\/v2\/posts\/2112\/revisions"}],"predecessor-version":[{"id":2120,"href":"https:\/\/amba.org.uy\/a\/wp-json\/wp\/v2\/posts\/2112\/revisions\/2120"}],"wp:featuredmedia":[{"embeddable":true,"href":"https:\/\/amba.org.uy\/a\/wp-json\/wp\/v2\/media\/2115"}],"wp:attachment":[{"href":"https:\/\/amba.org.uy\/a\/wp-json\/wp\/v2\/media?parent=2112"}],"wp:term":[{"taxonomy":"category","embeddable":true,"href":"https:\/\/amba.org.uy\/a\/wp-json\/wp\/v2\/categories?post=2112"},{"taxonomy":"post_tag","embeddable":true,"href":"https:\/\/amba.org.uy\/a\/wp-json\/wp\/v2\/tags?post=2112"}],"curies":[{"name":"wp","href":"https:\/\/api.w.org\/{rel}","templated":true}]}}